{"id":9567,"date":"2024-03-26T01:49:10","date_gmt":"2024-03-26T00:49:10","guid":{"rendered":"https:\/\/www.cat-int.org\/?p=9567"},"modified":"2024-03-26T01:54:03","modified_gmt":"2024-03-26T00:54:03","slug":"tuerie-a-moscou-ces-projets-dattentats-que-letat-islamique-au-khorasan-a-menes-en-france-et-en-europe","status":"publish","type":"post","link":"https:\/\/www.cat-int.org\/index.php\/2024\/03\/26\/tuerie-a-moscou-ces-projets-dattentats-que-letat-islamique-au-khorasan-a-menes-en-france-et-en-europe\/","title":{"rendered":"Tuerie \u00e0 Moscou : ces projets d\u2019attentats que l\u2019\u00c9tat islamique au Khorasan a men\u00e9s en France et en Europe"},"content":{"rendered":"<p>Source :\u00a0<a href=\"https:\/\/www.lefigaro.fr\/actualite-france\/tuerie-a-moscou-ces-tentatives-d-attentats-que-l-etat-islamique-au-khorasan-a-menees-en-france-et-en-europe-20240325\">Le Figaro<\/a><\/p>\n<p><!--more--><\/p>\n<p>Par Steve Tenr\u00e9,<\/p>\n<p>Cette branche \u00absanguinaire\u00bb de Daech avait voulu frapper Strasbourg en 2022. D\u2019autres pays d\u2019Europe ont \u00e9t\u00e9 cibl\u00e9s.<\/p>\n<p>Adolescent pr\u00e9voyant une potentielle attaque contre un centre commercial lillois, Marseillais voulant cibler des \u00abcibles juives\u00bb ou une \u00abbo\u00eete de nuit LGBT\u00bb, sexag\u00e9naire projetant un assaut contre une \u00e9glise&#8230; Depuis plusieurs mois, l\u2019hydre islamiste multiplie les \u00abloups solitaires\u00bb pour mener des tentatives d\u2019attentats en France. La menace \u00abendog\u00e8ne\u00bb, foment\u00e9e depuis l\u2019int\u00e9rieur, constituait jusqu\u2019\u00e0 peu la principale source d\u2019inqui\u00e9tude des autorit\u00e9s fran\u00e7aises.<\/p>\n<p>Mais ce lundi soir, le ministre de l\u2019Int\u00e9rieur G\u00e9rald Darmanin a point\u00e9 du doigt la \u00abr\u00e9surgence\u00bb de la menace \u00abexog\u00e8ne\u00bb &#8211; celle venue d\u2019ailleurs, port\u00e9e par des radicalis\u00e9s surarm\u00e9s, passant outre les fronti\u00e8res de l\u2019Hexagone. Aux origines de cette d\u00e9claration, le carnage provoqu\u00e9 par un commando de Daech vendredi soir \u00e0 Moscou. Une branche particuli\u00e8re de l\u2019organisation islamiste a revendiqu\u00e9 l\u2019attaque, qui a fait au moins 139 morts : l\u2019\u00c9tat islamique au Khorasan (EI-K).<\/p>\n<p>Fond\u00e9 en 2015 et consid\u00e9r\u00e9 comme le groupe le \u00abplus sanguinaire d\u2019Afghanistan\u00bb, d\u2019apr\u00e8s une note de l\u2019Institut fran\u00e7ais des relations internationales (Ifri), l\u2019EI-K est \u00e9galement la branche de Daech la plus \u00abtourn\u00e9e vers l\u2019international\u00bb, selon Lucas Webber, cofondateur du site sp\u00e9cialis\u00e9 Militant Wire. \u00abCette vision internationale inclut une campagne ambitieuse et agressive pour renforcer ses capacit\u00e9s op\u00e9rationnelles ext\u00e9rieures et frapper ses diff\u00e9rents ennemis \u00e0 l&rsquo;\u00e9tranger\u00bb, dans un contexte de rivalit\u00e9 avec les talibans.<\/p>\n<p>Au moins deux actions en France<br \/>\nParmi ses \u00abennemis\u00bb, la France. Selon nos informations, l\u2019EI-K a d\u00e9j\u00e0 tent\u00e9 de frapper l\u2019Hexagone, en 2022, peu avant le march\u00e9 de No\u00ebl de Strasbourg. Le 18 novembre de cette m\u00eame ann\u00e9e, sept individus soup\u00e7onn\u00e9s de pr\u00e9parer une action arm\u00e9e avaient \u00e9t\u00e9 arr\u00eat\u00e9s dans la ville du Bas-Rhin par la Direction g\u00e9n\u00e9rale de la s\u00e9curit\u00e9 int\u00e9rieure (DGSI). Deux jeunes hommes radicalis\u00e9s, \u00e2g\u00e9s de 19 et 22 ans et originaires de Russie et du Tadjikistan, ont \u00e9t\u00e9 mis en examen et plac\u00e9s en d\u00e9tention provisoire pour \u00abassociation de malfaiteurs terroriste\u00bb. Ils avaient \u00e9t\u00e9 \u00abt\u00e9l\u00e9guid\u00e9s par l\u2019EI-K\u00bb, confie une source proche des renseignements. D\u2019apr\u00e8s des informations pr\u00e9liminaires, ils pr\u00e9voyaient une attaque \u00e0 cibles multiples, \u00e0 l\u2019instar du 13-Novembre.<\/p>\n<p>L\u2019EI-K s\u2019est \u00e9galement probablement illustr\u00e9 lors de l\u2019attaque au couteau d\u2019Armand Rajabpour-Miyandoab, le 2 d\u00e9cembre dernier. Pr\u00e8s du pont de Bir Hakeim, \u00e0 Paris, l\u2019assaillant djihadiste franco-russe de 27 ans, avait tu\u00e9 un touriste et bless\u00e9 deux autres avec un couteau et un marteau. Il avait revendiqu\u00e9 son attaque dans une vid\u00e9o d\u2019all\u00e9geance \u00e0 l\u2019EI, en faisant r\u00e9f\u00e9rence \u00e0 la branche de Daech au Khorasan.<\/p>\n<p>Su\u00e8de, Allemagne, Autriche&#8230;<br \/>\n\u00abDepuis 2020, l\u2019EI-K a men\u00e9 10 projets d\u2019attentat, dont 5 en Allemagne, les autres en Autriche, aux Pays-Bas, au Danemark, en Su\u00e8de et en France\u00bb, nous pr\u00e9cise une source bien renseign\u00e9e. D\u2019apr\u00e8s l\u2019expert en terrorisme Jean-Charles Brisard, pr\u00e9sident du Centre d&rsquo;Analyse du Terrorisme joint par Le Figaro, le dernier projet europ\u00e9en date du 19 mars dernier. Ce jour-l\u00e0, deux hommes de nationalit\u00e9 afghane ont \u00e9t\u00e9 arr\u00eat\u00e9s dans l\u2019est de l\u2019Allemagne. Ils projetaient de tuer des policiers et d\u2019autres personnes \u00e0 Stockholm, pr\u00e8s du Parlement su\u00e9dois, \u00e0 l\u2019aide d\u2019armes \u00e0 feu.<\/p>\n<p>En Autriche, trois personnes soup\u00e7onn\u00e9es d&rsquo;\u00abintervenir dans un r\u00e9seau islamiste\u00bb ont \u00e9t\u00e9 arr\u00eat\u00e9es en d\u00e9cembre dernier, pr\u00e9parant potentiellement une attaque contre des messes, \u00e0 l&rsquo;approche de No\u00ebl.<\/p>\n<p>En juillet 2023, sept membres d\u2019un groupe terroriste, en contact avec des membres de l\u2019EI-K, avaient \u00e9t\u00e9 arr\u00eat\u00e9s en raison de projets d\u2019actions \u00e0 \u00abforte visibilit\u00e9\u00bb en Allemagne, dans la r\u00e9gion de Rh\u00e9nanie-du-Nord-Westphalie. Ces personnes d\u2019origine turkm\u00e8ne, kirghize et tadjike s\u2019\u00e9taient procur\u00e9 des armes avant leur interpellation. Arriv\u00e9s dans le pays depuis l\u2019Ukraine, ils collectaient aussi des fonds pour financer les r\u00e9seaux islamistes \u00e0 l\u2019\u00e9tranger.<\/p>\n<div class=\"fig-wrapper fig-zone-main fig-heading-article etx-relative\"><\/div>\n","protected":false},"excerpt":{"rendered":"<p>Source :\u00a0Le Figaro<\/p>\n","protected":false},"author":24,"featured_media":0,"comment_status":"closed","ping_status":"closed","sticky":false,"template":"","format":"standard","meta":[],"categories":[62,83],"tags":[100,683,681,682,97],"_links":{"self":[{"href":"https:\/\/www.cat-int.org\/index.php\/wp-json\/wp\/v2\/posts\/9567"}],"collection":[{"href":"https:\/\/www.cat-int.org\/index.php\/wp-json\/wp\/v2\/posts"}],"about":[{"href":"https:\/\/www.cat-int.org\/index.php\/wp-json\/wp\/v2\/types\/post"}],"author":[{"embeddable":true,"href":"https:\/\/www.cat-int.org\/index.php\/wp-json\/wp\/v2\/users\/24"}],"replies":[{"embeddable":true,"href":"https:\/\/www.cat-int.org\/index.php\/wp-json\/wp\/v2\/comments?post=9567"}],"version-history":[{"count":3,"href":"https:\/\/www.cat-int.org\/index.php\/wp-json\/wp\/v2\/posts\/9567\/revisions"}],"predecessor-version":[{"id":9570,"href":"https:\/\/www.cat-int.org\/index.php\/wp-json\/wp\/v2\/posts\/9567\/revisions\/9570"}],"wp:attachment":[{"href":"https:\/\/www.cat-int.org\/index.php\/wp-json\/wp\/v2\/media?parent=9567"}],"wp:term":[{"taxonomy":"category","embeddable":true,"href":"https:\/\/www.cat-int.org\/index.php\/wp-json\/wp\/v2\/categories?post=9567"},{"taxonomy":"post_tag","embeddable":true,"href":"https:\/\/www.cat-int.org\/index.php\/wp-json\/wp\/v2\/tags?post=9567"}],"curies":[{"name":"wp","href":"https:\/\/api.w.org\/{rel}","templated":true}]}}