{"id":9425,"date":"2023-05-24T21:24:20","date_gmt":"2023-05-24T20:24:20","guid":{"rendered":"https:\/\/www.cat-int.org\/?p=9425"},"modified":"2023-06-01T12:59:56","modified_gmt":"2023-06-01T11:59:56","slug":"9425","status":"publish","type":"post","link":"https:\/\/www.cat-int.org\/index.php\/2023\/05\/24\/9425\/","title":{"rendered":"Session 2 (rediffusion) &#8211; Formation &laquo;&nbsp;Menaces terroristes et mont\u00e9e des radicalit\u00e9s&nbsp;&raquo; | CAT"},"content":{"rendered":"<p>[vc_row][vc_column]<header class=\"thememount-heading-wrapper thememount-heading-wrapper-align-center\"><div class=\"thememount-heading-wrapper-inner\"><h2 class=\"thememount-heading-align-center\"><span>SESSION 2 (REDIFFUSION) \u2013 FORMATION \u00ab MENACES TERRORISTES ET MONT\u00c9E DES RADICALIT\u00c9S \u00bb | CAT<\/span><\/h2><\/div><\/header>[vc_column_text]Le Centre d&rsquo;analyse du terrorisme a le plaisir de vous annoncer la possibilit\u00e9 de suivre en diff\u00e9r\u00e9 les modules de la formation &laquo;&nbsp;Menaces terroristes et mont\u00e9e des radicalit\u00e9s&nbsp;&raquo; organis\u00e9e conjointement avec l&rsquo;institut EGA du 13 mars au 17 mars dernier.[\/vc_column_text][vc_single_image image=&nbsp;&raquo;9435&Prime; img_size=&nbsp;&raquo;medium&nbsp;&raquo; alignment=&nbsp;&raquo;center&nbsp;&raquo;][vc_empty_space][vc_cta h2=&nbsp;&raquo;&nbsp;&raquo; add_button=&nbsp;&raquo;top&nbsp;&raquo; btn_title=&nbsp;&raquo;S&rsquo;inscrire \u00e0 la session 2&Prime; btn_color=&nbsp;&raquo;primary&nbsp;&raquo; btn_align=&nbsp;&raquo;center&nbsp;&raquo; btn_link=&nbsp;&raquo;url:https%3A%2F%2Fwww.helloasso.com%2Fassociations%2Fcentre-d-analyse-du-terrorisme%2Fevenements%2Fmenaces-terroristes-et-montee-des-radicalites-session-2|||&nbsp;&raquo;][\/vc_cta][\/vc_column][\/vc_row]<\/p>\n","protected":false},"excerpt":{"rendered":"<p>[vc_row][vc_column][vc_column_text]Le Centre d&rsquo;analyse du terrorisme a le plaisir de vous annoncer la possibilit\u00e9 de suivre en diff\u00e9r\u00e9 les modules de la formation &laquo;&nbsp;Menaces terroristes et mont\u00e9e des radicalit\u00e9s&nbsp;&raquo; organis\u00e9e conjointement avec l&rsquo;institut EGA du 13 mars au 17 mars dernier.[\/vc_column_text][vc_single_image image=&nbsp;&raquo;9435&Prime; img_size=&nbsp;&raquo;medium&nbsp;&raquo; alignment=&nbsp;&raquo;center&nbsp;&raquo;][vc_empty_space][vc_cta h2=&nbsp;&raquo;&nbsp;&raquo; add_button=&nbsp;&raquo;top&nbsp;&raquo; btn_title=&nbsp;&raquo;S&rsquo;inscrire \u00e0 la session 2&Prime; btn_color=&nbsp;&raquo;primary&nbsp;&raquo; btn_align=&nbsp;&raquo;center&nbsp;&raquo; btn_link=&nbsp;&raquo;url:https%3A%2F%2Fwww.helloasso.com%2Fassociations%2Fcentre-d-analyse-du-terrorisme%2Fevenements%2Fmenaces-terroristes-et-montee-des-radicalites-session-2|||&nbsp;&raquo;][\/vc_cta][\/vc_column][\/vc_row]<\/p>\n","protected":false},"author":3,"featured_media":0,"comment_status":"closed","ping_status":"closed","sticky":false,"template":"","format":"standard","meta":[],"categories":[1],"tags":[],"_links":{"self":[{"href":"https:\/\/www.cat-int.org\/index.php\/wp-json\/wp\/v2\/posts\/9425"}],"collection":[{"href":"https:\/\/www.cat-int.org\/index.php\/wp-json\/wp\/v2\/posts"}],"about":[{"href":"https:\/\/www.cat-int.org\/index.php\/wp-json\/wp\/v2\/types\/post"}],"author":[{"embeddable":true,"href":"https:\/\/www.cat-int.org\/index.php\/wp-json\/wp\/v2\/users\/3"}],"replies":[{"embeddable":true,"href":"https:\/\/www.cat-int.org\/index.php\/wp-json\/wp\/v2\/comments?post=9425"}],"version-history":[{"count":9,"href":"https:\/\/www.cat-int.org\/index.php\/wp-json\/wp\/v2\/posts\/9425\/revisions"}],"predecessor-version":[{"id":9436,"href":"https:\/\/www.cat-int.org\/index.php\/wp-json\/wp\/v2\/posts\/9425\/revisions\/9436"}],"wp:attachment":[{"href":"https:\/\/www.cat-int.org\/index.php\/wp-json\/wp\/v2\/media?parent=9425"}],"wp:term":[{"taxonomy":"category","embeddable":true,"href":"https:\/\/www.cat-int.org\/index.php\/wp-json\/wp\/v2\/categories?post=9425"},{"taxonomy":"post_tag","embeddable":true,"href":"https:\/\/www.cat-int.org\/index.php\/wp-json\/wp\/v2\/tags?post=9425"}],"curies":[{"name":"wp","href":"https:\/\/api.w.org\/{rel}","templated":true}]}}