{"id":5850,"date":"2022-02-22T19:32:55","date_gmt":"2022-02-22T18:32:55","guid":{"rendered":"https:\/\/www.cat-int.org\/?p=5850"},"modified":"2022-02-22T19:33:16","modified_gmt":"2022-02-22T18:33:16","slug":"5850","status":"publish","type":"post","link":"https:\/\/www.cat-int.org\/index.php\/2022\/02\/22\/5850\/","title":{"rendered":"France : Audition de Salah Abdeslam au proc\u00e8s des attentats du 13-Novembre 2015, interview de Sacha Belissa, responsable du p\u00f4le judiciaire du Centre d\u2019Analyse du Terrorisme (CAT)"},"content":{"rendered":"<p>Source:<a href=\"https:\/\/medi1.com\/fr\/episode\/196514\/France--Audition-de-Salah-Abdeslam-le-principal-accus\u00e9-des-attentats-du-13-Novembre-2015\"> Medi1 Radio<\/a><\/p>\n<p><!--more--><\/p>\n<div class=\"row\">\n<div class=\"main-home-page page-width mt-4 col-md-9\">\n<div class=\"row container-lg mb-4 resume\">\n<div>Retour sur le proc\u00e8s des attentats du 13-Novembre 2015 \u00e0 Paris et Saint-Denis&#8230; 130 morts et pr\u00e8s de 350 bless\u00e9s. Le principal accus\u00e9 Salah Abdeslam est dans le box des accus\u00e9s depuis le 8 septembre. L&rsquo;invit\u00e9 de la r\u00e9daction est Sacha Belissa, responsable du p\u00f4le judiciaire au Centre d\u2019analyse du terrorisme.<\/div>\n<\/div>\n<\/div>\n<\/div>\n<div class=\"row d-flex justify-content-center\"><\/div>\n","protected":false},"excerpt":{"rendered":"<p>Source: Medi1 Radio<\/p>\n","protected":false},"author":3,"featured_media":0,"comment_status":"closed","ping_status":"closed","sticky":false,"template":"","format":"standard","meta":[],"categories":[62,201],"tags":[],"_links":{"self":[{"href":"https:\/\/www.cat-int.org\/index.php\/wp-json\/wp\/v2\/posts\/5850"}],"collection":[{"href":"https:\/\/www.cat-int.org\/index.php\/wp-json\/wp\/v2\/posts"}],"about":[{"href":"https:\/\/www.cat-int.org\/index.php\/wp-json\/wp\/v2\/types\/post"}],"author":[{"embeddable":true,"href":"https:\/\/www.cat-int.org\/index.php\/wp-json\/wp\/v2\/users\/3"}],"replies":[{"embeddable":true,"href":"https:\/\/www.cat-int.org\/index.php\/wp-json\/wp\/v2\/comments?post=5850"}],"version-history":[{"count":3,"href":"https:\/\/www.cat-int.org\/index.php\/wp-json\/wp\/v2\/posts\/5850\/revisions"}],"predecessor-version":[{"id":5853,"href":"https:\/\/www.cat-int.org\/index.php\/wp-json\/wp\/v2\/posts\/5850\/revisions\/5853"}],"wp:attachment":[{"href":"https:\/\/www.cat-int.org\/index.php\/wp-json\/wp\/v2\/media?parent=5850"}],"wp:term":[{"taxonomy":"category","embeddable":true,"href":"https:\/\/www.cat-int.org\/index.php\/wp-json\/wp\/v2\/categories?post=5850"},{"taxonomy":"post_tag","embeddable":true,"href":"https:\/\/www.cat-int.org\/index.php\/wp-json\/wp\/v2\/tags?post=5850"}],"curies":[{"name":"wp","href":"https:\/\/api.w.org\/{rel}","templated":true}]}}