{"id":5840,"date":"2022-02-22T19:21:08","date_gmt":"2022-02-22T18:21:08","guid":{"rendered":"https:\/\/www.cat-int.org\/?p=5840"},"modified":"2022-02-22T19:21:57","modified_gmt":"2022-02-22T18:21:57","slug":"5840","status":"publish","type":"post","link":"https:\/\/www.cat-int.org\/index.php\/2022\/02\/22\/5840\/","title":{"rendered":"Proc\u00e8s des attentats du 13-Novembre : Les organisateurs des attaques, ces ombres qui planeront sur le proc\u00e8s, interview de Jean-Charles Brisard, Pr\u00e9sident du CAT"},"content":{"rendered":"<p>Source :<a href=\"https:\/\/www.20minutes.fr\/justice\/3087535-20210908-proces-attentats-13-novembre-organisateurs-attaques-ombres-planeront-proces\"> 20 Minute<\/a>s <!--more--><\/p>\n<header class=\"nodeheader\">\n<p class=\"hat\"><strong class=\"hat-label color-default\">TRIBUNAL<\/strong>\u00a0<span class=\"hat-summary\">Six des 20 accus\u00e9s ne seront pas dans le box pendant le proc\u00e8s des attentats du 13-Novembre. Et pour cause : s\u2019ils sont th\u00e9oriquement sous mandat d\u2019arr\u00eat, au moins quatre d\u2019entre eux seraient morts en Syrie<\/span><\/p>\n<\/header>\n<div class=\"lt-endor-body content\">\n<figure class=\"media \" role=\"group\">\n<div class=\"media-wrap\"><img loading=\"lazy\" id=\"main-illustration\" class=\" cursor-zoomIn\" src=\"https:\/\/img.20mn.fr\/blXLMVeVQEC5hnf1P3mY3ik\/310x190_oussama-atar-soupconne-etre-maitre-oeuvre-attentats-13-novembre-probablement-tue-drone-syrie-reste-neanmoins-sous-mandat-recherche.jpg\" sizes=\"(min-width: 93.375em) 40rem, (min-width: 89.375em) calc(((((75vw \/ 100) * 88) - 2px - 1.5rem) \/ 3) * 2), (min-width: 67em) calc(((((64rem \/ 100) * 92) - 2px - 1.5rem) \/ 3) * 2), (min-width: 64.375em) calc(((((100vw - 1.5rem) \/ 100) * 92) - 2px - 1.5rem) \/ 3 * 2), (min-width: 48em) calc((((100vw - 1.5rem) \/ 100) * 92) - 2px - 300px - 1.5rem), calc(92vw - 2px)\" srcset=\"https:\/\/img.20mn.fr\/blXLMVeVQEC5hnf1P3mY3ik\/310x190_oussama-atar-soupconne-etre-maitre-oeuvre-attentats-13-novembre-probablement-tue-drone-syrie-reste-neanmoins-sous-mandat-recherche.jpg 310w, https:\/\/img.20mn.fr\/blXLMVeVQEC5hnf1P3mY3ik\/490x314_oussama-atar-soupconne-etre-maitre-oeuvre-attentats-13-novembre-probablement-tue-drone-syrie-reste-neanmoins-sous-mandat-recherche.jpg 490w, https:\/\/img.20mn.fr\/blXLMVeVQEC5hnf1P3mY3ik\/590x378_oussama-atar-soupconne-etre-maitre-oeuvre-attentats-13-novembre-probablement-tue-drone-syrie-reste-neanmoins-sous-mandat-recherche.jpg 590w, https:\/\/img.20mn.fr\/blXLMVeVQEC5hnf1P3mY3ik\/640x410_oussama-atar-soupconne-etre-maitre-oeuvre-attentats-13-novembre-probablement-tue-drone-syrie-reste-neanmoins-sous-mandat-recherche.jpg 640w, https:\/\/img.20mn.fr\/blXLMVeVQEC5hnf1P3mY3ik\/830x532_oussama-atar-soupconne-etre-maitre-oeuvre-attentats-13-novembre-probablement-tue-drone-syrie-reste-neanmoins-sous-mandat-recherche.jpg 830w, https:\/\/img.20mn.fr\/blXLMVeVQEC5hnf1P3mY3ik\/960x614_oussama-atar-soupconne-etre-maitre-oeuvre-attentats-13-novembre-probablement-tue-drone-syrie-reste-neanmoins-sous-mandat-recherche.jpg 960w\" alt=\"Oussama Atar est soup\u00e7onn\u00e9 d'\u00eatre l'un des ma\u00eetre d'oeuvre des attentats du 13 novembre. Probablement tu\u00e9 par un drone en Syrie, il reste n\u00e9anmoins sous mandat de recherche\" width=\"310\" height=\"190\" \/><\/div><figcaption class=\"media-caption\">Oussama Atar est soup\u00e7onn\u00e9 d&rsquo;\u00eatre l&rsquo;un des ma\u00eetre d&rsquo;oeuvre des attentats du 13 novembre. Probablement tu\u00e9 par un drone en Syrie, il reste n\u00e9anmoins sous mandat de recherche \u2014\u00a0<em class=\"credit\">DR<\/em><\/figcaption><\/figure>\n<div class=\"summary summary-default mb2\">\n<ul>\n<li>Le proc\u00e8s des attaques terroristes du 13\u00a0novembre 2015\u00a0s\u2019ouvre pour neuf mois, ce mercredi, devant la cour d\u2019assises sp\u00e9ciale de Paris.<\/li>\n<li>Vingt personnes sont accus\u00e9es dans ce dossier mais six sont jug\u00e9es par d\u00e9faut. Th\u00e9oriquement, ces hommes\u00a0sont toujours en fuite mais quatre d\u2019entre eux sont vraisemblablement morts en Syrie.<\/li>\n<li>Parmi ces absents\u00a0figure l\u2019homme soup\u00e7onn\u00e9 d\u2019avoir organis\u00e9 ces attaques\u00a0: le Belgo-marocain Oussama Atar.<\/li>\n<\/ul>\n<\/div>\n<div class=\"qiota_reserve content\" data-is-purchase-guide=\"false\">\n<p>On ne juge pas les morts. C\u2019est m\u00eame un principe fondamental du droit fran\u00e7ais. Ces derni\u00e8res ann\u00e9es, pourtant, condamner des fant\u00f4mes est devenu le quotidien des magistrats sp\u00e9cialis\u00e9s dans le\u00a0<a href=\"https:\/\/www.20minutes.fr\/dossier\/terrorisme\">terrorisme<\/a>. Depuis que certains\u00a0<a href=\"https:\/\/www.20minutes.fr\/dossier\/djihadisme\">djihadistes<\/a>\u00a0ont tent\u00e9 de se faire passer pour mort pour tromper la vigilance des services de\u00a0<a href=\"https:\/\/www.20minutes.fr\/dossier\/renseignement\">renseignement<\/a>, d\u00e9cision a \u00e9t\u00e9 prise de juger, en l\u2019absence de preuves irr\u00e9futables, ceux pour qui le doute \u2013 aussi minime soit-il \u2013 subsiste. Et le proc\u00e8s des\u00a0<a href=\"https:\/\/www.20minutes.fr\/societe\/attentats-13-novembre\/\">attentats du 13\u00a0novembre<\/a>,\u00a0<a href=\"https:\/\/www.20minutes.fr\/justice\/3073219-20210907-attentats-13-novembre-treize-hommes-juges-cotes-salah-abdeslam\">qui s\u2019ouvre ce mercredi\u00a0devant la cour d\u2019assises sp\u00e9cialement compos\u00e9e<\/a>, n\u2019\u00e9chappe pas \u00e0 cette r\u00e8gle\u00a0:\u00a0parmi les 20 accus\u00e9s, six manquent \u00e0 l\u2019appel. L\u2019un d\u2019entre eux est d\u00e9tenu en Turquie, un second toujours en fuite mais les quatre autres sont, selon les services de renseignement\u00a0de plusieurs pays, morts en Syrie.<\/p>\n<p>S\u2019ils ne seront pas l\u00e0 pour se d\u00e9fendre, revendiquer leur implication ou la nier, ni donner leur version des faits, leur ombre planera sur ces neuf mois d\u2019audiences. A commencer par celle d\u2019<a href=\"https:\/\/www.20minutes.fr\/societe\/1957907-20161108-attentats-paris-bruxelles-commanditaire-oussama-atar-djihadiste-belgo-marocain\">Oussama Atar, dont le nom r\u00e9sonne presque \u00e0 chaque page du dossier d\u2019instruction<\/a>, le seul, parmi tous les accus\u00e9s, \u00e0 \u00eatre jug\u00e9 pour \u00ab\u00a0direction d\u2019une entreprise terroriste\u00a0\u00bb. Ce Belgo-marocain, a priori tu\u00e9 par un drone en novembre\u00a02017 \u00e0 l\u2019\u00e2ge de 33 ans, est soup\u00e7onn\u00e9 d\u2019avoir planifi\u00e9 et organis\u00e9, depuis la Syrie,\u00a0<a href=\"https:\/\/www.20minutes.fr\/societe\/attaques-terroristes-paris\/\">les attaques du 13\u00a0novembre.<\/a>\u00a0\u00ab\u00a0Il \u00e9tait \u00e0 la t\u00eate de la cellule des op\u00e9rations ext\u00e9rieures, pr\u00e9cise Jean-Charles Brisard, pr\u00e9sident du Centre d\u2019analyse du terrorisme (CAT). Il avait un r\u00f4le de planificateur en chef des attaques, charg\u00e9 de monter une \u00e9quipe de combattants, d\u2019assurer la logistique, de superviser les op\u00e9rations.\u00a0\u00bb<\/p>\n<h2>V\u00e9t\u00e9ran du djihad<\/h2>\n<p>L\u2019homme est loin d\u2019\u00eatre un inconnu des services de renseignement. Parti combattre les troupes am\u00e9ricaines en Irak en 2004\u00a0alors qu\u2019il \u00e9tait \u00e0 peine majeur, il a pass\u00e9 sept ans dans les ge\u00f4les am\u00e9ricaines sur place. \u00ab\u00a0C\u2019est justement ce r\u00f4le de v\u00e9t\u00e9ran du djihad qui lui a permis de\u00a0<a href=\"https:\/\/www.20minutes.fr\/monde\/1958963-20161109-attentats-paris-bruxelles-attaques-decidees-tres-haut-hierarchie-daesh\">monter tout en haut de l\u2019\u00e9chelle de l\u2019\u00c9tat islamique<\/a>, pr\u00e9cise le chercheur. En Irak, il a rencontr\u00e9 ceux qui allaient devenir les principales figures de l\u2019organisation, notamment Abou Bakr al-Baghdadi\u00a0\u00bb, le chef autoproclam\u00e9 du groupe terroriste\u00a0<a href=\"https:\/\/www.20minutes.fr\/monde\/2641203-20191031-mort-al-baghdadi-daesh-confirme-mort-chef-designe-successeur\">jusqu\u2019\u00e0 sa mort en 2019<\/a>.<\/p>\n<p>D\u00e8s la fin de l\u2019ann\u00e9e 2014, Oussama Atar s\u2019entoure d\u2019hommes de confiance charg\u00e9s de l\u2019aspect logistique et op\u00e9rationnel des attaques. A commencer par\u00a0<a href=\"https:\/\/www.20minutes.fr\/monde\/1869991-20160621-attentats-bruxelles-oussama-atar-cousin-freres-el-bakraoui-recherche-autorites\">ses cousins, les fr\u00e8res El Bakraoui,<\/a>\u00a0dont les services de renseignements sont convaincus qu\u2019il a lui-m\u00eame \u0153uvr\u00e9 \u00e0 leur radicalisation, lors d\u2019un bref s\u00e9jour en Belgique en 2012.<\/p>\n<p>Les deux hommes sont ses relais en Europe. Depuis la r\u00e9gion bruxelloise, ils recherchent des armes, louent une partie des voitures et des planques qui serviront \u00e0 acheminer et h\u00e9berger le commando. En Syrie, l\u2019\u00e9mir s\u2019appuie \u00e9galement sur deux compatriotes exp\u00e9riment\u00e9s\u00a0:\u00a0Najim Laachroui, qui dispose de bonnes connaissances en explosifs, et Abdelhaamid Abaaoud, le chef op\u00e9rationnel des attaques de Paris. Ce dernier est le seul \u00e0 \u00eatre en France, le soir du 13\u00a0novembre, ouvrant le feu sur des terrasses parisiennes,\u00a0<a href=\"https:\/\/www.20minutes.fr\/societe\/1757939-20151231-assaut-saint-denis-ni-abaaoud-ni-cousine-touches-5000-tirs-raid\">avant de se faire exploser lors de\u00a0l&rsquo;assaut du Raid \u00e0 Saint-Denis deux jours plus tard<\/a>. Ses trois complices, rest\u00e9s en Belgique, commettront cinq mois plus tard\u00a0<a href=\"https:\/\/www.20minutes.fr\/monde\/attentats-bruxelles\/\">les attentats de Bruxelles.<\/a><\/p>\n<h2>Les fr\u00e8res Clain, des \u00ab\u00a0voix\u00a0\u00bb bien inform\u00e9es<\/h2>\n<p>Si Oussama Atar\u00a0laisse \u00e0 ses lieutenants une certaine latitude, notamment dans le choix des \u00ab\u00a0cibles\u00a0\u00bb, lui assure un r\u00f4le de logisticien\u00a0:\u00a0il participe au recrutement d\u2019une partie des commandos, les aide, notamment financi\u00e8rement, tout au long de leur voyage en Europe, leur fournit de faux papiers\u2026 Il met \u00e9galement \u00e0 contribution plusieurs membres haut plac\u00e9s de l\u2019organisation, notamment\u00a0Jean-Michel et\u00a0<a href=\"https:\/\/www.20minutes.fr\/societe\/fabien-clain\/\">Fabien Clain, connus comme les \u00ab\u00a0voix\u00a0\u00bb des attentats<\/a>\u00a0pour les avoir revendiqu\u00e9s.<\/p>\n<figure role=\"group\"><img loading=\"lazy\" src=\"https:\/\/img.20mn.fr\/_kEw2GrAQImzVBZfU5tUKCk\/648x415\" alt=\"L'avis de recherche de Fabien Clain sur Interpol\" width=\"648\" height=\"415\" \/><figcaption>L&rsquo;avis de recherche de Fabien Clain sur Interpol &#8211; AP\/SIPA<\/figcaption><\/figure>\n<p>\u00ab\u00a0Les fr\u00e8res Clain n\u2019ont pas seulement un r\u00f4le de propagande, ils avaient une connaissance pr\u00e9cise de ces attentats, poursuit Jean-Charles Brisard. Dans leur message de revendication du 14\u00a0novembre, ils \u00e9voquent un attentat-suicide dans le 18e qui n\u2019a finalement pas eu lieu, ce qui laisse supposer que le message a \u00e9t\u00e9 r\u00e9alis\u00e9 avant les attaques.\u00a0\u00bb Ces R\u00e9unionnais\u00a0comparaissent devant la cour d\u2019assises sp\u00e9cialement compos\u00e9e\u00a0pour \u00ab\u00a0complicit\u00e9\u00a0\u00bb des crimes commis \u00e0 Paris et Saint-Denis. Mais eux non plus\u00a0ne seront pas\u00a0dans le box\u00a0:\u00a0<a href=\"https:\/\/www.20minutes.fr\/monde\/2456767-20190221-attentats-13-novembre-djihadiste-francais-fabien-clain-tue-frappe-syrie\">\u00a0ils ont, selon les services de renseignement,\u00a0\u00e9t\u00e9 tu\u00e9s en f\u00e9vrier ou mars\u00a02019<\/a>\u00a0lors du si\u00e8ge de Baghouz.<\/p>\n<h2>Le proc\u00e8s des \u00ab\u00a0petites mains\u00a0\u00bb<\/h2>\n<p>D\u00e8s lors, en l\u2019absence des t\u00eates pensantes du r\u00e9seau, ce proc\u00e8s sera-t-il celui des \u00ab\u00a0petites mains\u00a0\u00bb\u00a0?\u00a0C\u2019est ce que craignent certaines parties civiles, \u00e0 commencer par Arthur D\u00e9nouveaux, le pr\u00e9sident de l\u2019association de victimes Life for Paris. \u00ab\u00a0Tout le monde parle d\u2019un proc\u00e8s pour l\u2019Histoire\u00a0mais, dans le box, on n\u2019a pas des d\u00e9cideurs, on a plut\u00f4t des racailles mont\u00e9es en graine. Certains journalistes esp\u00e8rent que ce sera leur Nuremberg ou leur proc\u00e8s Papon\u2026 Je n\u2019en suis pas persuad\u00e9.\u00a0\u00bb<\/p>\n<p>Une r\u00e9flexion que ne partage pas le pr\u00e9sident du Centre d\u2019analyse du terrorisme, qui rappelle que ces attentats ont n\u00e9cessit\u00e9 une cha\u00eene logistique sans pr\u00e9c\u00e9dent sans laquelle ils n\u2019auraient pas pu \u00eatre perp\u00e9tr\u00e9s. \u00ab\u00a0Il y a encore de nombreuses zones d\u2019ombre sur les r\u00f4les des uns et des autres dans l\u2019organisation de ces attentats que le proc\u00e8s pourrait \u00e9claircir\u00a0\u00bb, pr\u00e9cise Jean-Charles Brisard. Et de rappeler que parmi les 14 personnes qui seront effectivement jug\u00e9es, dix sont accus\u00e9es de \u00ab\u00a0complicit\u00e9\u00a0\u00bb des crimes commis.<\/p>\n<\/div>\n<\/div>\n","protected":false},"excerpt":{"rendered":"<p>Source : 20 Minutes<\/p>\n","protected":false},"author":3,"featured_media":0,"comment_status":"closed","ping_status":"closed","sticky":false,"template":"","format":"standard","meta":[],"categories":[62,83],"tags":[],"_links":{"self":[{"href":"https:\/\/www.cat-int.org\/index.php\/wp-json\/wp\/v2\/posts\/5840"}],"collection":[{"href":"https:\/\/www.cat-int.org\/index.php\/wp-json\/wp\/v2\/posts"}],"about":[{"href":"https:\/\/www.cat-int.org\/index.php\/wp-json\/wp\/v2\/types\/post"}],"author":[{"embeddable":true,"href":"https:\/\/www.cat-int.org\/index.php\/wp-json\/wp\/v2\/users\/3"}],"replies":[{"embeddable":true,"href":"https:\/\/www.cat-int.org\/index.php\/wp-json\/wp\/v2\/comments?post=5840"}],"version-history":[{"count":3,"href":"https:\/\/www.cat-int.org\/index.php\/wp-json\/wp\/v2\/posts\/5840\/revisions"}],"predecessor-version":[{"id":5843,"href":"https:\/\/www.cat-int.org\/index.php\/wp-json\/wp\/v2\/posts\/5840\/revisions\/5843"}],"wp:attachment":[{"href":"https:\/\/www.cat-int.org\/index.php\/wp-json\/wp\/v2\/media?parent=5840"}],"wp:term":[{"taxonomy":"category","embeddable":true,"href":"https:\/\/www.cat-int.org\/index.php\/wp-json\/wp\/v2\/categories?post=5840"},{"taxonomy":"post_tag","embeddable":true,"href":"https:\/\/www.cat-int.org\/index.php\/wp-json\/wp\/v2\/tags?post=5840"}],"curies":[{"name":"wp","href":"https:\/\/api.w.org\/{rel}","templated":true}]}}