{"id":5836,"date":"2022-02-22T19:17:10","date_gmt":"2022-02-22T18:17:10","guid":{"rendered":"https:\/\/www.cat-int.org\/?p=5836"},"modified":"2022-02-22T19:18:27","modified_gmt":"2022-02-22T18:18:27","slug":"5836","status":"publish","type":"post","link":"https:\/\/www.cat-int.org\/index.php\/2022\/02\/22\/5836\/","title":{"rendered":"\u00ab Il nous manque encore beaucoup d\u2019\u00e9l\u00e9ments de compr\u00e9hension \u00bb sur les attentats de 2015, interview de K\u00e9vin Jackson, directeur d\u2019\u00e9tudes au CAT et coauteur de la BD \u00ab La Cellule \u00bb (Editions Les Ar\u00e8nes)"},"content":{"rendered":"<p>Source : <a href=\"https:\/\/www.middleeasteye.net\/fr\/entretiens\/france-attentat-ei-abaaoud-kevin-jackson-syrie-camps-hypercacher-cellule-renseignements-belgique\">Middle East Eye<\/a><\/p>\n<p><!--more--><\/p>\n<div class=\"content-top\">\n<div class=\"field field-field-subhead\">La Cellule, BD sortie fin ao\u00fbt en France, raconte la course contre la montre des services de renseignement europ\u00e9ens contre des hommes d\u00e9termin\u00e9s \u00e0 commettre des attentats<\/div>\n<div class=\"field field-field-main-image\"><img loading=\"lazy\" src=\"https:\/\/www.middleeasteye.net\/sites\/default\/files\/styles\/article_page\/public\/images-story\/Capture%20d%E2%80%99e%CC%81cran%202021-09-16%20a%CC%80%202.21.41%20PM.png?itok=3bUI0x7R\" alt=\"La Cellule, r\u00e9cit de cette ann\u00e9e de traque entre la Syrie et l\u2019Europe, a \u00e9t\u00e9 \u00e9labor\u00e9e \u00e0 partir de dossiers judiciaires, d\u2019\u00e9coutes t\u00e9l\u00e9phoniques,\u00a0de photos, de notes des services de renseignement fran\u00e7ais et de\u00a0rapports confidentiels belges (extrait de La Cellule)\" width=\"1400\" height=\"744\" \/><\/div>\n<div class=\"field field-field-cutline\">La Cellule, r\u00e9cit de cette ann\u00e9e de traque entre la Syrie et l\u2019Europe, a \u00e9t\u00e9 \u00e9labor\u00e9e \u00e0 partir de dossiers judiciaires, d\u2019\u00e9coutes t\u00e9l\u00e9phoniques,\u00a0de photos, de notes des services de renseignement fran\u00e7ais et de\u00a0rapports confidentiels belges (extrait de La Cellule)<\/div>\n<\/div>\n<section class=\"page-main-content\">\n<div class=\"author-field author-info author-location\"><span class=\"author-by\">Par <a lang=\"\" title=\"Voir le profil utilisateur.\" href=\"https:\/\/www.middleeasteye.net\/fr\/users\/yousra-gouja\">Yousra Gouja<\/a><\/span><\/div>\n<div class=\"region region-content\">\n<article class=\"story full article-type clearfix\" role=\"article\" data-history-node-id=\"226036\">\n<div class=\"field field-body clearfix\">\n<p>Dans une\u00a0<a href=\"https:\/\/www.arenes.fr\/livre\/la-cellule\/\" target=\"_blank\" rel=\"noopener\">enqu\u00eate graphique<\/a>\u00a0sortie le 26 ao\u00fbt en France, Soren Seelow, journaliste au\u00a0<i>Monde<\/i>, sp\u00e9cialiste des questions de terrorisme, Kevin Jackson, directeur d\u2019\u00e9tudes au Centre d\u2019analyse du terrorisme (CAT), et le dessinateur Nicolas Otero retracent l\u2019histoire de la cellule \u00e0 l\u2019origine des\u00a0<a href=\"https:\/\/www.middleeasteye.net\/fr\/topics\/attentats-paris\" target=\"_blank\" rel=\"noopener\">attentats du 13 novembre 2015<\/a>, au cours desquels 130 personnes ont \u00e9t\u00e9 tu\u00e9es au Bataclan, sur des terrasses de caf\u00e9s parisiens\u00a0et devant le Stade de France.<\/p>\n<p>Au c\u0153ur de cette cellule constitu\u00e9e par le groupe\u00a0<a href=\"https:\/\/www.middleeasteye.net\/fr\/topics\/etat-islamique\" target=\"_blank\" rel=\"noopener\">\u00c9tat islamique<\/a>\u00a0(EI), se trouve un Belge, Abdelhamid Abaaoud, coordinateur des attentats. Il est rep\u00e9r\u00e9 tr\u00e8s t\u00f4t par les services de renseignement fran\u00e7ais et belges\u00a0 alors qu\u2019ils parviennent \u00e0 d\u00e9jouer un projet d\u2019attentat \u00e0 Verviers en\u00a0<a href=\"https:\/\/www.middleeasteye.net\/fr\/topics\/belgique\" target=\"_blank\" rel=\"noopener\">Belgique<\/a>, un an avant ceux de Paris. D\u00e8s lors, ils ne cesseront de le chercher.<\/p>\n<p><i>La Cellule<\/i>, r\u00e9cit de cette ann\u00e9e de traque entre la Syrie et l\u2019Europe, a \u00e9t\u00e9 \u00e9labor\u00e9e \u00e0 partir de dossiers judiciaires, d\u2019\u00e9coutes t\u00e9l\u00e9phoniques,\u00a0de photos, de notes des services de renseignement fran\u00e7ais et de\u00a0rapports confidentiels belges.<\/p>\n<div class=\"embedded-entity\" data-embed-button=\"file_browser\" data-entity-embed-display=\"image:image\" data-entity-type=\"file\" data-entity-uuid=\"8c4f5750-cf0f-4517-b908-406119767b37\" data-langcode=\"fr\"><img loading=\"lazy\" src=\"https:\/\/www.middleeasteye.net\/sites\/default\/files\/LA%20CELLULEplat%201%20avec%20bande.jpg\" alt=\"La Cellule\" width=\"660\" height=\"910\" \/><\/div>\n<p><b><i>Middle East Eye<\/i><\/b><b><i>\u00a0<\/i><\/b><b>: En quoi votre enqu\u00eate vous a-t-elle permis d\u2019expliquer la trajectoire de la cellule responsable des attentats de 2015 \u00e0 Paris\u00a0?<\/b><\/p>\n<p><b>Kevin Jackson<\/b>\u00a0: L\u2019id\u00e9e de la BD \u00e9tait de faire une enqu\u00eate sur les attentats du 13 novembre, de restituer ce qui s\u2019\u00e9tait pass\u00e9 en amont et de d\u00e9cortiquer comment la phase pr\u00e9paratoire s\u2019\u00e9tait d\u00e9roul\u00e9e, notamment en \u00e9voquant les diff\u00e9rents projets pr\u00e9c\u00e9dant les attentats.<\/p>\n<p>La BD raconte cette s\u00e9rie d\u2019\u00e9checs du bureau des attentats de l\u2019\u00c9tat islamique, o\u00f9 Abaaoud \u00e9tait impliqu\u00e9, m\u00eame s\u2019il n\u2019en \u00e9tait pas la figure la plus importante.<\/p>\n<blockquote><p>Tout notre d\u00e9fi \u00e9tait de rendre lisible cette histoire complexe et encore assez mal connue<\/p><\/blockquote>\n<p>Ces projets ont \u00e9t\u00e9 mis en \u00e9chec par les renseignements \u00e0 la fois en Belgique et en France mais les attentats du 13 novembre ont \u00e9t\u00e9 \u00ab\u00a0la fois de trop\u00a0\u00bb.<\/p>\n<p>Avant cela, il y avait notamment eu l\u2019attentat rat\u00e9 de\u00a0<a href=\"https:\/\/fr.wikipedia.org\/wiki\/At\" target=\"_blank\" rel=\"noopener\">Villejuif<\/a>\u00a0en janvier 2020, o\u00f9 l\u2019auteur s\u2019\u00e9tait tir\u00e9 une balle dans la jambe, puis celui du\u00a0<a href=\"https:\/\/fr.wikipedia.org\/wiki\/Attentat_du_train_Thalys_le_21_ao%C3%BB\" target=\"_blank\" rel=\"noopener\">Thalys<\/a>\u00a0en ao\u00fbt 2015.<\/p>\n<p>Pendant un an, les terroristes n\u2019ont pas arr\u00eat\u00e9 d\u2019essayer de frapper et notre travail \u00e9tait de mettre en lumi\u00e8re cette s\u00e9rie d\u2019\u00e9checs, avant leur \u00ab\u00a0succ\u00e8s\u00a0\u00bb du 13 novembre.<\/p>\n<p><b><i>MEE\u00a0<\/i>: Vous \u00eates directeur d\u2019\u00e9tudes au Centre d\u2019analyse du terrorisme, et \u00e0 ce titre, conseiller sur ces questions : apr\u00e8s toutes vos ann\u00e9es de recherche, cette BD vous a-t-elle permis de faire le point ?<\/b><\/p>\n<p><b>K.J<\/b>\u00a0: La BD n\u2019\u00e9tait pas un exercice avec lequel j\u2019\u00e9tais familier. Mes \u00e9crits n\u2019\u00e9taient pas vraiment destin\u00e9s au grand public. Le format BD permet de toucher un maximum de gens en traitant d\u2019une histoire qui a marqu\u00e9 la m\u00e9moire collective des Fran\u00e7ais.<\/p>\n<p>L\u2019objectif \u00e9tait de restituer les faits de fa\u00e7on froide, document\u00e9e et clinique, tout en rendant cela accessible \u00e0 un maximum de gens, ce qui \u00e9tait d\u2019autant moins facile que l\u2019action se d\u00e9roule dans plusieurs pays (la France, la\u00a0<a href=\"https:\/\/www.middleeasteye.net\/fr\/topics\/guerre-syrie\" target=\"_blank\" rel=\"noopener\">Syrie<\/a>, la Belgique, la Gr\u00e8ce). Tout notre d\u00e9fi \u00e9tait de rendre lisible cette histoire complexe et encore assez mal connue des gens.<\/p>\n<p><b><i>MEE\u00a0<\/i>: Comment avez-vous travaill\u00e9 \u00e0 trois\u00a0?<\/b><\/p>\n<p><b>K.J<\/b>\u00a0: En 2018, Soren Seelow, journaliste sp\u00e9cialis\u00e9 dans les questions de terrorisme au\u00a0<i>Monde<\/i>, m\u2019a parl\u00e9 du projet pour la premi\u00e8re fois. Nous nous connaissions d\u00e9j\u00e0 bien puisque nous avions d\u00e9j\u00e0 travaill\u00e9 ensemble pour des articles et \u00e9tions devenus amis.<\/p>\n<p>Soren a beaucoup travaill\u00e9 sur la trame narrative, la construction du r\u00e9cit, moi j\u2019\u00e9tais plus en arri\u00e8re-plan, pour conseiller et v\u00e9rifier les faits, comme un conseiller technique, et travailler sur les dialogues et les sc\u00e8nes avec les terroristes.<\/p>\n<div class=\"embedded-entity\" data-embed-button=\"file_browser\" data-entity-embed-display=\"image:image\" data-entity-type=\"file\" data-entity-uuid=\"376b587d-2055-46e7-a371-e103f37a7972\" data-langcode=\"fr\"><img loading=\"lazy\" src=\"https:\/\/www.middleeasteye.net\/sites\/default\/files\/Turquie_0.jpg\" alt=\"La Cellule\" width=\"1500\" height=\"1953\" \/><\/div>\n<p>J\u2019avais beaucoup de documents de propagande pour restituer la vie \u00e0\u00a0<a href=\"https:\/\/www.middleeasteye.net\/fr\/tags\/raqqa\" target=\"_blank\" rel=\"noopener\">Raqqa<\/a>\u00a0sous l\u2019EI.<\/p>\n<p>Nicolas Otero r\u00e9cup\u00e9rait les images que je mettais dans notre document de travail pour qu\u2019il puisse travailler dessus. On a fonctionn\u00e9 comme \u00e7a jusqu\u2019\u00e0 2021, en finissant par la couverture.<\/p>\n<p><b><i>MEE\u00a0<\/i>: Pourquoi reproduire les documents dont vous disposiez avec des dessins et non des photos ?<\/b><\/p>\n<p><b>K.J<\/b>\u00a0: Le r\u00e9cit des attentats a d\u00e9j\u00e0 \u00e9t\u00e9 fait par d\u2019autres avant, en images \u00e0 la t\u00e9l\u00e9, dans des articles de presse\u2026 Dessiner les protagonistes permet de plonger le lecteur un peu au c\u0153ur de l\u2019action telle qu\u2019elle s\u2019est d\u00e9roul\u00e9e.<\/p>\n<p>Par exemple, nous avons reproduit les \u00e9changes entre la cellule et le commanditaire des attentats retrouv\u00e9s dans un ordinateur en Belgique.<\/p>\n<p>On plonge aussi le lecteur au c\u0153ur des camps d\u2019entra\u00eenement en Syrie, \u00e0 travers le personnage de Bilal Chatra [un des protagonistes de l\u2019attentat du Thalys].<\/p>\n<p>Par la BD, les lecteurs ont les images des p\u00e9rip\u00e9ties qui se sont d\u00e9roul\u00e9es avant et apr\u00e8s les attentats du 13 novembre. Charles, qui repr\u00e9sente les services de renseignement, est le seul personnage fictif.<\/p>\n<p><b><i>MEE\u00a0<\/i>: Pourquoi avoir choisi de retracer l\u2019histoire par le prisme des services de renseignement<\/b><b>\u00a0<\/b><b>? Par facilit\u00e9\u00a0?<\/b><\/p>\n<p><b>K.J<\/b>\u00a0: Ce n\u2019\u00e9tait pas forc\u00e9ment facile. Dans la BD, on voit d\u2019un c\u00f4t\u00e9 les terroristes, avec les camps d\u2019entra\u00eenement, les discussions entre eux, et de l\u2019autre, les services de renseignement o\u00f9 le personnage de Charles va tenter de localiser les membres de la cellule et la faire tomber.<\/p>\n<p>Pour la fluidit\u00e9 de la narration, nous nous sommes appuy\u00e9s sur ce personnage composite qui repr\u00e9sentait \u00e0 la fois la DGSI [s\u00e9curit\u00e9 int\u00e9rieure] et la DGSE [s\u00e9curit\u00e9 ext\u00e9rieure]. Cela nous a permis de dire ce que savaient nos services \u00e0 l\u2019\u00e9poque. On a voulu illustrer cette course contre la montre.<\/p>\n<p><b><i>MEE<\/i>\u00a0: Les services de renseignement ont-ils fait le maximum ?<\/b><\/p>\n<p><b>K.J<\/b> : Le personnage de Charles permet d\u2019humaniser l\u2019institution du renseignement fran\u00e7ais et de donner un visage \u00e0 ceux qui travaillent dans l\u2019ombre et dans le secret.<\/p>\n<p>Nos services ont r\u00e9ussi, avec les Belges et les Grecs notamment, \u00e0 mettre hors d\u2019\u00e9tat de nuire un certain nombre d\u2019individus directement li\u00e9s \u00e0 Abaaoud, par exemple.<\/p>\n<p>Le probl\u00e8me qui se pose, \u00e0 partir de 2015, c\u2019est l\u2019ampleur du ph\u00e9nom\u00e8ne. Les services sont persuad\u00e9s que l\u2019EI va passer \u00e0 l\u2019action en France mais ils ont un temps de retard.<\/p>\n<p>\u00c0 l\u2019automne 2015, alors qu\u2019Abbaoud est d\u00e9j\u00e0 en Europe, les services pensaient l\u2019avoir localis\u00e9 dans une tour \u00e0 Raqqa, en Syrie. Ce d\u00e9calage a permis aux terroristes de passer entre les mailles du filet.<\/p>\n<div class=\"embedded-entity\" data-embed-button=\"file_browser\" data-entity-embed-display=\"image:image\" data-entity-type=\"file\" data-entity-uuid=\"4261f7ed-b53e-4ce1-ae78-c8af53bdf942\" data-langcode=\"fr\"><img loading=\"lazy\" src=\"https:\/\/www.middleeasteye.net\/sites\/default\/files\/P21.jpg\" alt=\"La Cellule\" width=\"1500\" height=\"2001\" \/><\/div>\n<p><b><i>MEE<\/i>\u00a0: Bilal Chatra apporte des pr\u00e9cisions au fur et \u00e0 mesure de l\u2019enqu\u00eate, car il a voulu se racheter en donnant des informations. Est-ce la raison pour laquelle vous avez ouvert la BD sur son histoire\u00a0?<\/b><\/p>\n<p><b>K.J<\/b>\u00a0: Ce qui nous a int\u00e9ress\u00e9s, c\u2019est la trajectoire individuelle de Bilal Chatra. Il permet de passer en revue l\u2019ann\u00e9e qui pr\u00e9c\u00e8de le 13 novembre.<\/p>\n<p>Il est l\u00e0 d\u00e8s le d\u00e9part, d\u00e8s la planification des attentats de grande ampleur en Europe, et servira d\u2019\u00e9claireur pour le retour d\u2019Abaaoud et des autres membres de la cellule. Il permettait de boucler la boucle. Il avait une relation particuli\u00e8re avec Abaaoud. Quand il est arriv\u00e9 en Turquie, cet orphelin alg\u00e9rien ne connaissait personne et Abaaoud l\u2019a pris sous son aile.<\/p>\n<p><b><i>MEE<\/i>\u00a0: Que signifie le recrutement dans les camps alors que la plupart veulent simplement rejoindre l\u2019Europe ?<\/b><\/p>\n<p><b>K.J<\/b>\u00a0: Un lien personnel de ma\u00eetre \u00e0 mentor s\u2019est cr\u00e9\u00e9 entre Chatra et Abaaoud. Ce dernier a r\u00e9ussi \u00e0 convaincre Chatra d\u2019aller en Syrie en lui vendant un id\u00e9al, celui de l\u2019\u00c9tat islamique, qu\u2019il pr\u00e9sente comme une alternative au projet initial de Chatra, celui de s\u2019installer en Europe.<\/p>\n<p>Selon Abaaoud, la vie r\u00eav\u00e9e de Chatra en Europe n\u2019est qu\u2019illusoire, l\u00e0-bas, il sera d\u00e9valoris\u00e9, contrairement \u00e0 la Syrie, o\u00f9 il pourra vivre comme un \u00ab\u00a0vrai\u00a0\u00bb musulman.<\/p>\n<div class=\"mee-readmore mee-readmore-article-story mee-readmore-type-image align-right\"><a class=\"mee-readmore-img-link\" href=\"https:\/\/www.middleeasteye.net\/fr\/reportages\/le-cerveau-des-attentats-de-paris-brute-des-cours-decole-et-specialiste-de-levasion\" target=\"_blank\" rel=\"noopener\"><img loading=\"lazy\" class=\"mee-readmore-image\" src=\"https:\/\/www.middleeasteye.net\/sites\/default\/files\/styles\/read_more\/public\/1447710499086.jpg?itok=-GdMGfyd\" alt=\"\" width=\"400\" height=\"250\" \/><\/a><\/div>\n<p><b><i>MEE<\/i>\u00a0: Quelle est la place des femmes dans ces affaires ?<\/b><\/p>\n<p><b>K.J<\/b>\u00a0: Beaucoup sont parties en Syrie, notamment rejoindre leurs \u00e9poux, mais pour ce qui est de leur r\u00f4le dans des attentats, cela tient de l\u2019exception.<\/p>\n<p>[<a href=\"https:\/\/www.middleeasteye.net\/fr\/\" target=\"_blank\" rel=\"noopener\">Hayat Boumeddiene<\/a>,] la femme d\u2019<a href=\"https:\/\/www.middleeasteye.net\/fr\/tags\/amedy-coulibaly\" target=\"_blank\" rel=\"noopener\">Amedy Coulibaly<\/a>, l\u2019auteur de l\u2019attentat de Montrouge et de l\u2019Hyper Cacher, a \u00e9t\u00e9 condamn\u00e9e pour l\u2019aide qu\u2019elle a apport\u00e9e \u00e0 son mari.<\/p>\n<p>Il y a eu aussi la cousine d\u2019Abaaoud, Hasna, mais son concours n\u2019\u00e9tait pas pr\u00e9vu au d\u00e9part.<\/p>\n<p>Apr\u00e8s les fusillades contre les terrasses, Abaaoud n\u2019avait pas de point de chute car il pensait qu\u2019il allait mourir le soir m\u00eame. Lui et son complice se sont retrouv\u00e9s pris de court et Abaaoud a d\u00fb faire appel \u00e0 sa cousine \u00e0 Aubervilliers, en Seine-Saint-Denis. Elle l\u2019a planqu\u00e9 le temps qu\u2019il pr\u00e9pare un autre attentat&#8230; \u00e0 la D\u00e9fense.<\/p>\n<div class=\"embedded-entity\" data-embed-button=\"file_browser\" data-entity-embed-display=\"image:image\" data-entity-type=\"file\" data-entity-uuid=\"91eafcf5-11a2-4e23-921f-f9322d9174a3\" data-langcode=\"fr\"><img loading=\"lazy\" src=\"https:\/\/www.middleeasteye.net\/sites\/default\/files\/La%20Cellule%20Page%2040.jpg\" alt=\"La Cellule\" width=\"1500\" height=\"2072\" \/><\/div>\n<p><b><i>MEE\u00a0<\/i>: Est-ce que cette BD peut servir d\u2019outil p\u00e9dagogique<\/b><b>,<\/b><b>\u00a0pour les professeurs de lyc\u00e9e par exemple ?<\/b><\/p>\n<p><b>K.J<\/b>\u00a0: Elle fournit une base assez compl\u00e8te pour sortir avec quelques notions sur le ph\u00e9nom\u00e8ne et peut-\u00eatre que nos plus jeunes lecteurs en ressortiront avec des interrogations suppl\u00e9mentaires qui les pousseront \u00e0 se tourner vers des lectures compl\u00e9mentaires.<\/p>\n<p>On esp\u00e8re que \u00e7a pourra faire r\u00e9fl\u00e9chir et accompagner la connaissance sur le sujet. Une BD permet de traiter d\u2019un sujet grave sur un autre ton. \u00c7a aurait \u00e9t\u00e9 plus compliqu\u00e9 d\u2019attirer les plus jeunes avec un pav\u00e9 plein de kunyas [un des \u00e9l\u00e9ments du nom arabe, \u00e9pith\u00e8te d\u00e9signant le fils ou la fille a\u00een\u00e9 de celui qui le porte].<\/p>\n<p><b>K.J<\/b>\u00a0: Nous avons l\u00e0 un proc\u00e8s historique, mais je suis assez pessimiste sur les r\u00e9ponses \u00e9ventuelles qu\u2019il pourrait nous apporter.<\/p>\n<blockquote><p>\u00ab\u00a0Le proc\u00e8s des attentats est historique, mais je suis assez pessimiste sur les r\u00e9ponses \u00e9ventuelles qu\u2019il pourrait nous apporter\u00a0\u00bb<\/p><\/blockquote>\n<p>Tous les accus\u00e9s ont \u00e9t\u00e9 interrog\u00e9s pendant des ann\u00e9es et on a vu la limite de l\u2019exercice, car bien souvent, ils faisaient de la r\u00e9tention d\u2019information. Leur \u00e9clairage a donc \u00e9t\u00e9 plut\u00f4t limit\u00e9.<\/p>\n<p>Si l\u2019enqu\u00eate a \u00e9t\u00e9 titanesque et que nous avons \u00e9norm\u00e9ment d\u2019informations, il nous manque encore beaucoup d\u2019\u00e9l\u00e9ments de compr\u00e9hension.<\/p>\n<p>Pour ne prendre qu\u2019un exemple, le 18 juillet 2015, on sait qu\u2019<a href=\"https:\/\/www.middleeasteye.net\/fr\/reportages\/le-fbi-avait-prevenu-amsterdam-propos-des-freres-terroristes-avant-les-attentats-de\" target=\"_blank\" rel=\"noopener\">Ibrahim el-Bakraoui<\/a>\u00a0se rend \u00e0 Ath\u00e8nes. Or, cette date correspond aussi \u00e0 celle de l\u2019arriv\u00e9e d\u2019Abaaoud en Gr\u00e8ce. En l\u2019absence de coop\u00e9ration de la part des accus\u00e9s, on ne sait pas ce qu\u2019il s\u2019est pass\u00e9, on reste dans le flou. Malheureusement, nous avons beaucoup d\u2019\u00e9pisodes comme ceux-l\u00e0.<\/p>\n<\/div>\n<\/article>\n<\/div>\n<\/section>\n","protected":false},"excerpt":{"rendered":"<p>Source : Middle East Eye<\/p>\n","protected":false},"author":3,"featured_media":0,"comment_status":"closed","ping_status":"closed","sticky":false,"template":"","format":"standard","meta":[],"categories":[62,83],"tags":[],"_links":{"self":[{"href":"https:\/\/www.cat-int.org\/index.php\/wp-json\/wp\/v2\/posts\/5836"}],"collection":[{"href":"https:\/\/www.cat-int.org\/index.php\/wp-json\/wp\/v2\/posts"}],"about":[{"href":"https:\/\/www.cat-int.org\/index.php\/wp-json\/wp\/v2\/types\/post"}],"author":[{"embeddable":true,"href":"https:\/\/www.cat-int.org\/index.php\/wp-json\/wp\/v2\/users\/3"}],"replies":[{"embeddable":true,"href":"https:\/\/www.cat-int.org\/index.php\/wp-json\/wp\/v2\/comments?post=5836"}],"version-history":[{"count":3,"href":"https:\/\/www.cat-int.org\/index.php\/wp-json\/wp\/v2\/posts\/5836\/revisions"}],"predecessor-version":[{"id":5839,"href":"https:\/\/www.cat-int.org\/index.php\/wp-json\/wp\/v2\/posts\/5836\/revisions\/5839"}],"wp:attachment":[{"href":"https:\/\/www.cat-int.org\/index.php\/wp-json\/wp\/v2\/media?parent=5836"}],"wp:term":[{"taxonomy":"category","embeddable":true,"href":"https:\/\/www.cat-int.org\/index.php\/wp-json\/wp\/v2\/categories?post=5836"},{"taxonomy":"post_tag","embeddable":true,"href":"https:\/\/www.cat-int.org\/index.php\/wp-json\/wp\/v2\/tags?post=5836"}],"curies":[{"name":"wp","href":"https:\/\/api.w.org\/{rel}","templated":true}]}}