{"id":5833,"date":"2022-02-22T19:11:32","date_gmt":"2022-02-22T18:11:32","guid":{"rendered":"https:\/\/www.cat-int.org\/?p=5833"},"modified":"2022-02-22T19:11:58","modified_gmt":"2022-02-22T18:11:58","slug":"5833","status":"publish","type":"post","link":"https:\/\/www.cat-int.org\/index.php\/2022\/02\/22\/5833\/","title":{"rendered":"Proc\u00e8s du 13-Novembre : enqu\u00eate sur l\u2019insaisissable Salah Abdeslam, interview de Jean-Charles Brisard, Pr\u00e9sident du CAT"},"content":{"rendered":"<p>Source : <a href=\"https:\/\/www.tf1info.fr\/justice-faits-divers\/video-proces-du-13-novembre-enquete-sur-l-insaisissable-salah-abdeslam-2197010.html\">TF1\u00a0<\/a><!--more--><\/p>\n<div class=\"jsx-2681590792 ArticleChapo\">\n<div class=\"jsx-2681590792 ArticleChapo__ContentList\">\n<h2 class=\"jsx-2681590792\">ENQU\u00caTE &#8211; Depuis 15 jours dans le box des accus\u00e9s, il est face aux victimes des attentats du 13 novembre 2015 et \u00e0 leurs proches. Salah Abdeslam est le seul survivant du commando qui a tu\u00e9 130 personnes \u00e0 Paris. Six ans apr\u00e8s, sa personnalit\u00e9 intrigue toujours.<\/h2>\n<\/div>\n<\/div>\n<div class=\"jsx-2692717657 jsx-1985373721 Paragraph Paragraph--first\" data-testid=\"Paragraph\">\n<p>ous les regards sont braqu\u00e9s sur lui. \u00c0 32 ans, Salah Abdeslam est aujourd&rsquo;hui le d\u00e9tenu le plus surveill\u00e9 de France. Il est surtout celui qui d\u00e9tient les cl\u00e9s pour r\u00e9soudre l&rsquo;\u00e9nigme du 13-Novembre. L&rsquo;ancien petit d\u00e9linquant franco-belge de Molenbeek \u00e9tait-il un second couteau au sein du commando ? Pour les enqu\u00eateurs, Salah Abdeslam \u00e9tait le convoyeur de la mort, charg\u00e9 de v\u00e9hiculer tous ses complices. Gr\u00e2ce \u00e0 des postiches et de faux papiers, il a bern\u00e9 l&rsquo;attention de tous les services de renseignement.<\/p>\n<\/div>\n<div class=\"jsx-2692717657 jsx-2227629293 Paragraph\" data-testid=\"Paragraph\">\n<p>Les policiers en sont convaincus : Salah Abdeslam devait lui aussi mourir en kamikaze.\u00a0<em>\u201cC&rsquo;est un probl\u00e8me li\u00e9 \u00e0 sa ceinture d&rsquo;explosifs qui n&rsquo;a pas fonctionn\u00e9 qu&rsquo;il n&rsquo;a pas pu participer&nbsp;&raquo;<\/em>, assure Jean-Charles Brisard, pr\u00e9sident du Centre d&rsquo;analyse du terrorisme, interrog\u00e9 dans le reportage en t\u00eate de cet article<em>. &laquo;&nbsp;Mais tr\u00e8s vraisemblablement d&rsquo;apr\u00e8s ce que l\u2019enqu\u00eate a pu \u00e9tablir, il \u00e9tait pr\u00e9vu qu&rsquo;il participe lui-m\u00eame en tant que membre du commando \u00e0 ces attentats\u201d.<\/em><\/p>\n<\/div>\n<h2 class=\"jsx-2416636498 InterTitle\">Abdeslam n&rsquo;a jamais exprim\u00e9 ni regret ni remords<\/h2>\n<div class=\"jsx-2692717657 jsx-2227629293 Paragraph\" data-testid=\"Paragraph\">\n<p>Salah Abdeslam a-t-il lui-m\u00eame d\u00e9sactiv\u00e9 son gilet explosif avant de s&rsquo;enfuir ? Il a multipli\u00e9 les versions contradictoires aupr\u00e8s de ses proches. Les policiers finiront par obtenir un d\u00e9but de r\u00e9ponse dans un ordinateur retrouv\u00e9 dans une poubelle apr\u00e8s les attentats. Un message troublant envoy\u00e9 par le terroriste pr\u00e9sum\u00e9 \u00e0 un commanditaire :\u00a0<em>\u201cJe suis Abou Abderrahmane, celui qui a particip\u00e9 \u00e0 la premi\u00e8re attaque. Il y avait un d\u00e9faut dans ma ceinture. J&rsquo;aimerais juste pour l&rsquo;avenir \u00eatre mieux \u00e9quip\u00e9 avant de passer \u00e0 l&rsquo;action\u201d.\u00a0<\/em>Seul survivant des commandos meurtriers, Salah Abdeslam fut ensuite un fant\u00f4me pendant ces 4 mois de cavale.<\/p>\n<\/div>\n<div class=\"jsx-2692717657 jsx-2227629293 Paragraph\" data-testid=\"Paragraph\">\n<p>Ces derniers jours, l&rsquo;accus\u00e9 a profit\u00e9 du proc\u00e8s pour justifier les tueries et faire du pros\u00e9lytisme. Derri\u00e8re les murs de sa prison, dans sa cellule film\u00e9e 24h sur 24, il passe ses journ\u00e9es plonger dans la lecture de livres consacr\u00e9s \u00e0 l&rsquo;islam. Isol\u00e9, le prisonnier essaye de vanter les m\u00e9rites du djihad aux rares d\u00e9tenus qu&rsquo;il croise.\u00a0<em>\u201cDepuis quelque temps, il a intensifi\u00e9 ses pri\u00e8res&nbsp;&raquo;,<\/em>\u00a0d\u00e9taille Didier Kandassamy, secr\u00e9taire local du syndicat FO de Fleury-M\u00e9rogis, interrog\u00e9 dans le sujet.\u00a0<em>&laquo;&nbsp;Il a aussi envie de montrer parce que c&rsquo;est quelqu&rsquo;un de tr\u00e8s malin, ce n&rsquo;est pas quelqu&rsquo;un qui est stupide. C\u2019est quelqu&rsquo;un qui sait qu&rsquo;il est observ\u00e9\u201d<\/em>, ajoute-t-il.<em>\u00a0<\/em>Depuis son arrestation, Salah Abdeslam n&rsquo;a jamais exprim\u00e9 ni regret ni remords. Il n&rsquo;a jamais expliqu\u00e9 non plus son r\u00f4le dans le commando. Un bon nombre de rescap\u00e9s esp\u00e8rent qu&rsquo;il se confiera enfin.<\/p>\n<\/div>\n","protected":false},"excerpt":{"rendered":"<p>Source : TF1\u00a0<\/p>\n","protected":false},"author":3,"featured_media":0,"comment_status":"closed","ping_status":"closed","sticky":false,"template":"","format":"standard","meta":[],"categories":[62,83],"tags":[],"_links":{"self":[{"href":"https:\/\/www.cat-int.org\/index.php\/wp-json\/wp\/v2\/posts\/5833"}],"collection":[{"href":"https:\/\/www.cat-int.org\/index.php\/wp-json\/wp\/v2\/posts"}],"about":[{"href":"https:\/\/www.cat-int.org\/index.php\/wp-json\/wp\/v2\/types\/post"}],"author":[{"embeddable":true,"href":"https:\/\/www.cat-int.org\/index.php\/wp-json\/wp\/v2\/users\/3"}],"replies":[{"embeddable":true,"href":"https:\/\/www.cat-int.org\/index.php\/wp-json\/wp\/v2\/comments?post=5833"}],"version-history":[{"count":2,"href":"https:\/\/www.cat-int.org\/index.php\/wp-json\/wp\/v2\/posts\/5833\/revisions"}],"predecessor-version":[{"id":5835,"href":"https:\/\/www.cat-int.org\/index.php\/wp-json\/wp\/v2\/posts\/5833\/revisions\/5835"}],"wp:attachment":[{"href":"https:\/\/www.cat-int.org\/index.php\/wp-json\/wp\/v2\/media?parent=5833"}],"wp:term":[{"taxonomy":"category","embeddable":true,"href":"https:\/\/www.cat-int.org\/index.php\/wp-json\/wp\/v2\/categories?post=5833"},{"taxonomy":"post_tag","embeddable":true,"href":"https:\/\/www.cat-int.org\/index.php\/wp-json\/wp\/v2\/tags?post=5833"}],"curies":[{"name":"wp","href":"https:\/\/api.w.org\/{rel}","templated":true}]}}