{"id":5820,"date":"2022-02-22T18:43:36","date_gmt":"2022-02-22T17:43:36","guid":{"rendered":"https:\/\/www.cat-int.org\/?p=5820"},"modified":"2022-02-22T19:09:26","modified_gmt":"2022-02-22T18:09:26","slug":"5820","status":"publish","type":"post","link":"https:\/\/www.cat-int.org\/index.php\/2022\/02\/22\/5820\/","title":{"rendered":"Attaque d&rsquo;une prison en Syrie : &laquo;&nbsp;L&rsquo;EI tentera \u00e0 nouveau de faire lib\u00e9rer des d\u00e9tenus&nbsp;&raquo;"},"content":{"rendered":"<p>Source : <a href=\"https:\/\/www.lexpress.fr\/actualite\/monde\/proche-moyen-orient\/attaque-d-une-prison-en-syrie-l-ei-tentera-a-nouveau-de-faire-liberer-des-detenus_2167238.html\">L&rsquo;Express<\/a><\/p>\n<p><!--more--><\/p>\n<div class=\"qiota_reserve qiota_trunked\">\n<p class=\"article__item article__item--para article__item--para-first\">3 373 morts, dont 268 djihadistes, 98 membres des forces kurdes et sept civils. Le bilan de l&rsquo;attaque de la prison de Ghwayran \u00e0 Hassak\u00e9, men\u00e9e par le groupe Etat islamique le 20 janvier dernier pour faire lib\u00e9rer des prisonniers, est particuli\u00e8rement s\u00e9v\u00e8re.<\/p>\n<div id=\"inread_ms\" class=\"article__item pub_content_display\">\n<div id=\"div_inread_article\">\n<div id=\"in_article\" class=\"tead\"><\/div>\n<\/div>\n<\/div>\n<p class=\"article__item article__item--para\">Apr\u00e8s six jours d&rsquo;intenses affrontements entre les combattants djihadistes et les forces kurdes en Syrie, ces derni\u00e8res ont finalement annonc\u00e9 dimanche, apr\u00e8s plusieurs jours de ratissage, la fin des op\u00e9rations de quadrillage de la zone. Selon l&rsquo;OSDH, vingt djihadistes se sont rendus dans la nuit de samedi \u00e0 dimanche.<\/p>\n<p class=\"article__item article__item--para\">Cette attaque est la plus importante offensive du groupe depuis sa d\u00e9faite territoriale en Syrie en 2019 face aux forces kurdes. Ces actions en Syrie mais aussi en Irak &#8211; presque simultan\u00e9ment, le 22 janvier, le groupe attaquait une base militaire dans le pays, tuant onze soldats irakiens &#8211; &laquo;&nbsp;d\u00e9montrent que l&rsquo;EI a toujours la volont\u00e9 de porter des coups pour reconstituer ces bases op\u00e9rationnelles et la capacit\u00e9 d&rsquo;attaques&nbsp;&raquo;, analyse pour L&rsquo;Express Jean-Charles Brisard, pr\u00e9sident du Centre d&rsquo;analyse du terrorisme (CAT).<\/p>\n<div id=\"placeholder--inread\">\n<div class=\"article__item sgt-inread sgt-inread-image\" data-move-to=\"placeholder--inread\"><\/div>\n<\/div>\n<p class=\"article__item article__item--para\"><strong class=\"article__item--bold\">L&rsquo;Express : Comment expliquer l&rsquo;attaque de cette prison par l&rsquo;EI ?<\/strong><\/p>\n<p class=\"article__item article__item--para\"><strong class=\"article__item--bold\">Jean-Charles Brisard<\/strong>\u00a0: Le b\u00e2timent est sous le contr\u00f4le des forces kurdes syriennes, \u00e0 la diff\u00e9rence d&rsquo;autres prisons qui sont sous le contr\u00f4le de la coalition et ultra-s\u00e9curis\u00e9es, l\u00e0 o\u00f9 sont d\u00e9tenus les djihadistes fran\u00e7ais par exemple. Celle de Ghwayran est consid\u00e9r\u00e9e comme moins prot\u00e9g\u00e9e.<\/p>\n<p><img src=\"https:\/\/static.qiota.com\/assets\/qiotasession.gif?ts=1645551618\" \/><\/div>\n<div class=\"qiota\" data-idscenario=\"434\">\n<div class=\"qiota_hidden\"><\/div>\n<div>\n<p>&nbsp;<\/p>\n<div class=\"qiota__paywall paywall__content\">\n<div class=\"paywall__body\"><\/div>\n<\/div>\n<\/div>\n<\/div>\n","protected":false},"excerpt":{"rendered":"<p>Source : L&rsquo;Express<\/p>\n","protected":false},"author":3,"featured_media":0,"comment_status":"closed","ping_status":"closed","sticky":false,"template":"","format":"standard","meta":[],"categories":[62,83],"tags":[],"_links":{"self":[{"href":"https:\/\/www.cat-int.org\/index.php\/wp-json\/wp\/v2\/posts\/5820"}],"collection":[{"href":"https:\/\/www.cat-int.org\/index.php\/wp-json\/wp\/v2\/posts"}],"about":[{"href":"https:\/\/www.cat-int.org\/index.php\/wp-json\/wp\/v2\/types\/post"}],"author":[{"embeddable":true,"href":"https:\/\/www.cat-int.org\/index.php\/wp-json\/wp\/v2\/users\/3"}],"replies":[{"embeddable":true,"href":"https:\/\/www.cat-int.org\/index.php\/wp-json\/wp\/v2\/comments?post=5820"}],"version-history":[{"count":2,"href":"https:\/\/www.cat-int.org\/index.php\/wp-json\/wp\/v2\/posts\/5820\/revisions"}],"predecessor-version":[{"id":5822,"href":"https:\/\/www.cat-int.org\/index.php\/wp-json\/wp\/v2\/posts\/5820\/revisions\/5822"}],"wp:attachment":[{"href":"https:\/\/www.cat-int.org\/index.php\/wp-json\/wp\/v2\/media?parent=5820"}],"wp:term":[{"taxonomy":"category","embeddable":true,"href":"https:\/\/www.cat-int.org\/index.php\/wp-json\/wp\/v2\/categories?post=5820"},{"taxonomy":"post_tag","embeddable":true,"href":"https:\/\/www.cat-int.org\/index.php\/wp-json\/wp\/v2\/tags?post=5820"}],"curies":[{"name":"wp","href":"https:\/\/api.w.org\/{rel}","templated":true}]}}